{"id":11713,"date":"2016-05-15T12:55:42","date_gmt":"2016-05-15T08:25:42","guid":{"rendered":"https:\/\/foladetehadtak.com\/%d9%88%d8%b6%d8%b9%db%8c%d8%aa-%d8%ad%d8%a7%d9%84-%d9%88%d8%a2%db%8c%d9%86%d8%af%d9%87-%d8%b5%d9%86%d8%b9%d8%aa-%d9%81%d9%88%d9%84%d8%a7%d8%af\/"},"modified":"2016-05-15T12:55:42","modified_gmt":"2016-05-15T08:25:42","slug":"%d9%88%d8%b6%d8%b9%db%8c%d8%aa-%d8%ad%d8%a7%d9%84-%d9%88%d8%a2%db%8c%d9%86%d8%af%d9%87-%d8%b5%d9%86%d8%b9%d8%aa-%d9%81%d9%88%d9%84%d8%a7%d8%af","status":"publish","type":"post","link":"https:\/\/foladetehadtak.com\/tr\/%d9%88%d8%b6%d8%b9%db%8c%d8%aa-%d8%ad%d8%a7%d9%84-%d9%88%d8%a2%db%8c%d9%86%d8%af%d9%87-%d8%b5%d9%86%d8%b9%d8%aa-%d9%81%d9%88%d9%84%d8%a7%d8%af\/","title":{"rendered":"\u00c7elik Sanayinin Mevcut Durumu ve Gelece\u011fi"},"content":{"rendered":"<p>\u00c7elik \u00fcr\u00fcnlerinin \u00fcretimi ve t\u00fcketimi, bir \u00fclkenin ekonomik geli\u015fiminde ve \u00f6zellikle altyap\u0131 geli\u015fiminde etkili olan ana unsurlardan biri olarak kabul edilebilir. Bu sekt\u00f6re genel bak\u0131\u015f, k\u00e2rl\u0131l\u0131k ve yat\u0131r\u0131m getirisi ile s\u0131n\u0131rl\u0131 de\u011fildir; \u00e7elik sanayi, stratejik ve kilit bir sekt\u00f6r olarak de\u011ferlendirilmektedir. Son yirmi y\u0131ldaki ham \u00e7elik \u00fcretimindeki b\u00fcy\u00fcme oran\u0131, bu sekt\u00f6r\u00fcn son y\u0131llarda kayda de\u011fer bir canlanma ya\u015fad\u0131\u011f\u0131n\u0131 g\u00f6stermektedir. Bu b\u00fcy\u00fcme o kadar \u00f6nemlidir ki, 2015 y\u0131l\u0131nda \u00e7elik \u00fcr\u00fcnlerinin tahmini i\u015flem hacmi 1300 milyar riyali a\u015fm\u0131\u015ft\u0131r.<\/p>\n<p>Ancak son birka\u00e7 y\u0131lda Asya Ejderhas\u0131&#8217;n\u0131n (\u00c7in) ekonomik b\u00fcy\u00fcmesindeki yava\u015flama ve d\u00fcnyadaki ekonomik kriz, mevcut istatistiklere g\u00f6re 2015 y\u0131l\u0131nda d\u00fcnya \u00e7elik piyasas\u0131n\u0131n 150 milyon tonu a\u015fan bir arz fazlas\u0131yla kar\u015f\u0131 kar\u015f\u0131ya kalmas\u0131na neden olmu\u015ftur. Bu y\u00fcksek arz fazlas\u0131, \u00c7in&#8217;in \u00fcretimini \u00f6nemli \u00f6l\u00e7\u00fcde azaltmaya isteksiz olmas\u0131 ve k\u00fcresel ekonominin durgunluktan \u00e7\u0131k\u0131\u015f\u0131n\u0131n yava\u015f seyretmesiyle birle\u015fince, k\u00fcresel fiyatlarda g\u00f6zle g\u00f6r\u00fcl\u00fcr bir d\u00fc\u015f\u00fc\u015fe yol a\u00e7m\u0131\u015f ve do\u011fal olarak bu sekt\u00f6rdeki \u00fcreticileri bir\u00e7ok zorlukla kar\u015f\u0131 kar\u015f\u0131ya b\u0131rakm\u0131\u015ft\u0131r.<\/p>\n<p>D\u00fcnyadaki ekonomik durgunluk ve k\u00fcresel piyasalardaki talep fazlas\u0131, \u0130ran&#8217;\u0131n \u00e7elik sanayi i\u00e7in ihracat konusunda da yeni sorunlar yaratm\u0131\u015ft\u0131r. Belirtilen t\u00fcm sorunlara ek olarak, uygulanan yapt\u0131r\u0131mlar sorunu da dikkate al\u0131nmal\u0131d\u0131r; bu yapt\u0131r\u0131mlar sadece sat\u0131\u015f ve gelirleri de\u011fil, ayn\u0131 zamanda sarf malzemeleri ve hammaddeler dahil olmak \u00fczere \u00fcretim maliyetlerinin nihai fiyat\u0131n\u0131n artmas\u0131nda da ink\u00e2r edilemez etkilere sahip olmu\u015ftur.<\/p>\n<p>\u00c7elik sanayi, d\u00fcnya genelinde ve hatta \u0130ran&#8217;da benzer ve daha zorlu ko\u015fullar alt\u0131nda bir krizden ge\u00e7iyor olsa da, bu, onun i\u00e7in olumlu bir gelecek \u00f6ng\u00f6r\u00fclemeyece\u011fi anlam\u0131na gelmez. Yap\u0131lan tahminlere g\u00f6re, \u0130ran&#8217;\u0131n \u00e7elik sanayisinin gelece\u011fi de s\u00f6n\u00fck olmayacakt\u0131r. Yapt\u0131r\u0131mlar\u0131n kald\u0131r\u0131lmas\u0131n\u0131n ve buna ba\u011fl\u0131 maliyetlerin azalmas\u0131n\u0131n etkilerinin yan\u0131 s\u0131ra, \u00f6n\u00fcm\u00fczdeki y\u0131llarda in\u015faat projelerine yap\u0131lacak yat\u0131r\u0131mlar ve bunun sonucunda talep art\u0131\u015f\u0131 beklenmektedir.<\/p>\n","protected":false},"excerpt":{"rendered":"<p>\u00c7elik \u00fcr\u00fcnlerinin \u00fcretimi ve t\u00fcketimi, bir \u00fclkenin ekonomik geli\u015fiminde ve \u00f6zellikle altyap\u0131 geli\u015fiminde etkili olan ana unsurlardan biri olarak kabul edilebilir. Bu sekt\u00f6re genel bak\u0131\u015f, k\u00e2rl\u0131l\u0131k ve yat\u0131r\u0131m getirisi ile s\u0131n\u0131rl\u0131 de\u011fildir; \u00e7elik sanayi, stratejik ve kilit bir sekt\u00f6r olarak de\u011ferlendirilmektedir. Son yirmi y\u0131ldaki ham \u00e7elik \u00fcretimindeki b\u00fcy\u00fcme oran\u0131, bu sekt\u00f6r\u00fcn son y\u0131llarda kayda de\u011fer [&hellip;]<\/p>\n","protected":false},"author":7,"featured_media":0,"comment_status":"open","ping_status":"open","sticky":false,"template":"","format":"standard","meta":{"footnotes":""},"categories":[142],"tags":[143],"class_list":["post-11713","post","type-post","status-publish","format-standard","hentry","category---tr","tag--tr"],"_links":{"self":[{"href":"https:\/\/foladetehadtak.com\/tr\/wp-json\/wp\/v2\/posts\/11713","targetHints":{"allow":["GET"]}}],"collection":[{"href":"https:\/\/foladetehadtak.com\/tr\/wp-json\/wp\/v2\/posts"}],"about":[{"href":"https:\/\/foladetehadtak.com\/tr\/wp-json\/wp\/v2\/types\/post"}],"author":[{"embeddable":true,"href":"https:\/\/foladetehadtak.com\/tr\/wp-json\/wp\/v2\/users\/7"}],"replies":[{"embeddable":true,"href":"https:\/\/foladetehadtak.com\/tr\/wp-json\/wp\/v2\/comments?post=11713"}],"version-history":[{"count":0,"href":"https:\/\/foladetehadtak.com\/tr\/wp-json\/wp\/v2\/posts\/11713\/revisions"}],"wp:attachment":[{"href":"https:\/\/foladetehadtak.com\/tr\/wp-json\/wp\/v2\/media?parent=11713"}],"wp:term":[{"taxonomy":"category","embeddable":true,"href":"https:\/\/foladetehadtak.com\/tr\/wp-json\/wp\/v2\/categories?post=11713"},{"taxonomy":"post_tag","embeddable":true,"href":"https:\/\/foladetehadtak.com\/tr\/wp-json\/wp\/v2\/tags?post=11713"}],"curies":[{"name":"wp","href":"https:\/\/api.w.org\/{rel}","templated":true}]}}